{"id":25565,"date":"2026-02-18T13:50:12","date_gmt":"2026-02-18T12:50:12","guid":{"rendered":"https:\/\/es.amateur.tv\/blog\/?p=25565"},"modified":"2026-02-18T13:50:13","modified_gmt":"2026-02-18T12:50:13","slug":"estetica-de-pasarela-lleva-la-moda-de-milan-a-tus-shows","status":"publish","type":"post","link":"https:\/\/es.amateur.tv\/blog\/estetica-de-pasarela-lleva-la-moda-de-milan-a-tus-shows\/","title":{"rendered":"Est\u00e9tica de pasarela: Lleva la Moda de Mil\u00e1n a tus Shows &#x1f460;&#x2728;"},"content":{"rendered":"\n<p>\u00a1Hola, iconos del estilo! &#x1f44b; Esta semana el mundo tiene los ojos puestos en Italia, y t\u00fa no puedes quedarte atr\u00e1s. La <strong>est\u00e9tica de pasarela<\/strong> es la tendencia que est\u00e1 dominando el contenido digital este febrero de 2026, impulsada por los desfiles de Mil\u00e1n. No se trata solo de vestirse bien, sino de proyectar esa seguridad y exclusividad que solo se ve en las revistas de alta costura, transformando tu sala en un evento de lujo.<\/p>\n\n\n\n<p>Hoy vamos a explorar c\u00f3mo puedes adoptar este aire sofisticado para elevar tu marca personal. Prep\u00e1rate para desfilar frente a tu c\u00e1mara y cautivar a esos fans que buscan una experiencia visual de primer nivel.<\/p>\n\n\n\n<h3 class=\"wp-block-heading\">\u00bfPor qu\u00e9 funciona la est\u00e9tica de pasarela en el streaming?<\/h3>\n\n\n\n<p>El \u00e9xito de la <strong>est\u00e9tica de pasarela<\/strong> reside en la aspiraci\u00f3n. Los usuarios se sienten atra\u00eddos por figuras que parecen inalcanzables o salidas de una editorial de moda. Al alejarte del look cotidiano y apostar por poses estructuradas y outfits vanguardistas, generas un valor percibido mucho m\u00e1s alto en tus sesiones, lo que se traduce en un p\u00fablico m\u00e1s exclusivo y generoso.<\/p>\n\n\n\n<ul class=\"wp-block-list\">\n<li><strong>Minimalismo Elegante:<\/strong> Menos es m\u00e1s. Un fondo limpio, una iluminaci\u00f3n blanca impecable y un outfit de l\u00edneas arquitect\u00f3nicas definen perfectamente la <strong>est\u00e9tica de pasarela<\/strong> sin necesidad de saturar el set.<\/li>\n\n\n\n<li><strong>Actitud \u00abHigh Fashion\u00bb:<\/strong> La clave est\u00e1 en la mirada y la postura. Practica movimientos pausados y elegantes que denoten control y sofisticaci\u00f3n, manteniendo a tu audiencia hipnotizada con cada gesto.<\/li>\n<\/ul>\n\n\n<div class=\"wp-block-image\">\n<figure class=\"aligncenter size-large is-resized\"><img loading=\"lazy\" decoding=\"async\" width=\"1024\" height=\"576\" src=\"https:\/\/es.amateur.tv\/blog\/wp-content\/uploads\/2026\/02\/amateurtv_milan_02-1024x576.webp\" alt=\"Est\u00e9tica de pasarela\" class=\"wp-image-25572\" style=\"width:800px\" srcset=\"https:\/\/es.amateur.tv\/blog\/wp-content\/uploads\/2026\/02\/amateurtv_milan_02-1024x576.webp 1024w, https:\/\/es.amateur.tv\/blog\/wp-content\/uploads\/2026\/02\/amateurtv_milan_02-300x169.webp 300w, https:\/\/es.amateur.tv\/blog\/wp-content\/uploads\/2026\/02\/amateurtv_milan_02-768x432.webp 768w, https:\/\/es.amateur.tv\/blog\/wp-content\/uploads\/2026\/02\/amateurtv_milan_02-1536x864.webp 1536w, https:\/\/es.amateur.tv\/blog\/wp-content\/uploads\/2026\/02\/amateurtv_milan_02-2048x1152.webp 2048w, https:\/\/es.amateur.tv\/blog\/wp-content\/uploads\/2026\/02\/amateurtv_milan_02-150x84.webp 150w\" sizes=\"auto, (max-width: 1024px) 100vw, 1024px\" \/><\/figure>\n<\/div>\n\n\n<h3 class=\"wp-block-heading\">Estrategias de \u00abFront Row\u00bb: Monetiza tu Estilo &#x1f942;<\/h3>\n\n\n\n<p>Lleva la exclusividad de los desfiles a tus din\u00e1micas diarias. Aqu\u00ed tienes t\u00e1cticas para que la <strong>est\u00e9tica de pasarela<\/strong> impulse tus ingresos este fin de semana:<\/p>\n\n\n\n<ul class=\"wp-block-list\">\n<li><strong>El Look de la Colecci\u00f3n:<\/strong> Crea una meta de propinas para revelar tu \u00aboutfit de dise\u00f1ador\u00bb de la noche. Puedes dividirlo en tres fases: accesorios, maquillaje editorial y el look completo de pasarela.<\/li>\n\n\n\n<li><strong>Sesi\u00f3n de Fotos en Vivo:<\/strong> Haz que tus fans se sientan como fot\u00f3grafos de moda (<a href=\"https:\/\/es.wikipedia.org\/wiki\/Paparazzi\">paparazzis<\/a>). Permite que, mediante propinas, elijan tus poses o el \u00e1ngulo de la c\u00e1mara para capturar la mejor toma de tu <strong>est\u00e9tica de pasarela<\/strong>.<\/li>\n\n\n\n<li><strong>Acceso al Backstage:<\/strong> Ofrece un show <a href=\"https:\/\/es.amateur.tv\/blog\/nuevos-privados-potenciados\/\" type=\"post\" id=\"8745\">privado exclusivo<\/a> que simule lo que pasa detr\u00e1s de c\u00e1maras en un desfile. Es el lugar perfecto para mostrar una faceta m\u00e1s \u00edntima pero igualmente glamurosa.<\/li>\n<\/ul>\n\n\n\n<h3 class=\"wp-block-heading\">\u00a1Convi\u00e9rtete en Top Model! &#x2728;<\/h3>\n\n\n\n<p>No dejes que la semana de la moda pase de largo sin que t\u00fa seas la protagonista. Adoptar la <strong>est\u00e9tica de pasarela<\/strong> te permite diferenciarte del resto y posicionarte como una creadora de contenido de lujo. Lleva a tus seguidores a un mundo de elegancia, tendencias y mucha clase.<\/p>\n\n\n\n<p>\u00a1La pasarela es tuya y el p\u00fablico est\u00e1 esperando tu salida! \u00a1A desfilar con \u00e9xito! &#x1f460;&#x2728;<\/p>\n\n<div class=\"twitter-share\"><a href=\"https:\/\/twitter.com\/intent\/tweet?via=amateur_tv\" class=\"twitter-share-button\" data-size=\"large\">Twittear<\/a><\/div>\n","protected":false},"excerpt":{"rendered":"<p>Descubre c\u00f3mo la est\u00e9tica de pasarela inspirada en Mil\u00e1n 2026 puede elevar tu show. <\/p>\n","protected":false},"author":12,"featured_media":25573,"comment_status":"closed","ping_status":"closed","sticky":false,"template":"","format":"standard","meta":{"footnotes":""},"categories":[1,33],"tags":[773,997,993,995,994,996,901],"class_list":["post-25565","post","type-post","status-publish","format-standard","has-post-thumbnail","hentry","category-general","category-articulos","tag-aumentar-propinas","tag-contenido-editorial","tag-estetica-de-pasarela","tag-marketing-de-lujo","tag-milan-fashion-week-2026","tag-moda-para-webcammers","tag-tendencias-2026","generate-columns","tablet-grid-50","mobile-grid-100","grid-parent","grid-33"],"yoast_head":"<!-- This site is optimized with the Yoast SEO plugin v27.4 - https:\/\/yoast.com\/product\/yoast-seo-wordpress\/ -->\n<title>Est\u00e9tica de pasarela: Lleva la Moda de Mil\u00e1n a tus Shows &#x1f460;&#x2728;<\/title>\n<meta name=\"description\" content=\"Domina la est\u00e9tica de pasarela. Usa las tendencias de Mil\u00e1n 2026 para atraer fans de lujo y aumentar tus propinas este fin de semana.\" \/>\n<meta name=\"robots\" content=\"index, follow, max-snippet:-1, max-image-preview:large, max-video-preview:-1\" \/>\n<link rel=\"canonical\" href=\"https:\/\/es.amateur.tv\/blog\/estetica-de-pasarela-lleva-la-moda-de-milan-a-tus-shows\/\" \/>\n<meta property=\"og:locale\" content=\"es_ES\" \/>\n<meta property=\"og:type\" content=\"article\" \/>\n<meta property=\"og:title\" content=\"Est\u00e9tica de pasarela: Lleva la Moda de Mil\u00e1n a tus Shows &#x1f460;&#x2728;\" \/>\n<meta property=\"og:description\" content=\"Domina la est\u00e9tica de pasarela. Usa las tendencias de Mil\u00e1n 2026 para atraer fans de lujo y aumentar tus propinas este fin de semana.\" \/>\n<meta property=\"og:url\" content=\"https:\/\/es.amateur.tv\/blog\/estetica-de-pasarela-lleva-la-moda-de-milan-a-tus-shows\/\" \/>\n<meta property=\"og:site_name\" content=\"Blog de Amateur.tv\" \/>\n<meta property=\"article:published_time\" content=\"2026-02-18T12:50:12+00:00\" \/>\n<meta property=\"article:modified_time\" content=\"2026-02-18T12:50:13+00:00\" \/>\n<meta property=\"og:image\" content=\"https:\/\/es.amateur.tv\/blog\/wp-content\/uploads\/2026\/02\/amateurtv_milan_es-scaled.webp\" \/>\n\t<meta property=\"og:image:width\" content=\"2560\" \/>\n\t<meta property=\"og:image:height\" content=\"1440\" \/>\n\t<meta property=\"og:image:type\" content=\"image\/webp\" \/>\n<meta name=\"author\" content=\"amateur.tv\" \/>\n<meta name=\"twitter:card\" content=\"summary_large_image\" \/>\n<script type=\"application\/ld+json\" class=\"yoast-schema-graph\">{\"@context\":\"https:\\\/\\\/schema.org\",\"@graph\":[{\"@type\":\"Article\",\"@id\":\"https:\\\/\\\/es.amateur.tv\\\/blog\\\/estetica-de-pasarela-lleva-la-moda-de-milan-a-tus-shows\\\/#article\",\"isPartOf\":{\"@id\":\"https:\\\/\\\/es.amateur.tv\\\/blog\\\/estetica-de-pasarela-lleva-la-moda-de-milan-a-tus-shows\\\/\"},\"author\":{\"name\":\"amateur.tv\",\"@id\":\"https:\\\/\\\/es.amateur.tv\\\/blog\\\/#\\\/schema\\\/person\\\/059bd793cd402a23ab4b71dcfc5432fc\"},\"headline\":\"Est\u00e9tica de pasarela: Lleva la Moda de Mil\u00e1n a tus Shows &#x1f460;&#x2728;\",\"datePublished\":\"2026-02-18T12:50:12+00:00\",\"dateModified\":\"2026-02-18T12:50:13+00:00\",\"mainEntityOfPage\":{\"@id\":\"https:\\\/\\\/es.amateur.tv\\\/blog\\\/estetica-de-pasarela-lleva-la-moda-de-milan-a-tus-shows\\\/\"},\"wordCount\":505,\"publisher\":{\"@id\":\"https:\\\/\\\/es.amateur.tv\\\/blog\\\/#organization\"},\"image\":{\"@id\":\"https:\\\/\\\/es.amateur.tv\\\/blog\\\/estetica-de-pasarela-lleva-la-moda-de-milan-a-tus-shows\\\/#primaryimage\"},\"thumbnailUrl\":\"https:\\\/\\\/es.amateur.tv\\\/blog\\\/wp-content\\\/uploads\\\/2026\\\/02\\\/amateurtv_milan_es-scaled.webp\",\"keywords\":[\"aumentar propinas\",\"contenido editorial\",\"est\u00e9tica de pasarela\",\"marketing de lujo\",\"Milan Fashion Week 2026\",\"moda para webcammers\",\"Tendencias 2026\"],\"articleSection\":[\"General\",\"Noticias\"],\"inLanguage\":\"es\"},{\"@type\":\"WebPage\",\"@id\":\"https:\\\/\\\/es.amateur.tv\\\/blog\\\/estetica-de-pasarela-lleva-la-moda-de-milan-a-tus-shows\\\/\",\"url\":\"https:\\\/\\\/es.amateur.tv\\\/blog\\\/estetica-de-pasarela-lleva-la-moda-de-milan-a-tus-shows\\\/\",\"name\":\"Est\u00e9tica de pasarela: Lleva la Moda de Mil\u00e1n a tus Shows &#x1f460;&#x2728;\",\"isPartOf\":{\"@id\":\"https:\\\/\\\/es.amateur.tv\\\/blog\\\/#website\"},\"primaryImageOfPage\":{\"@id\":\"https:\\\/\\\/es.amateur.tv\\\/blog\\\/estetica-de-pasarela-lleva-la-moda-de-milan-a-tus-shows\\\/#primaryimage\"},\"image\":{\"@id\":\"https:\\\/\\\/es.amateur.tv\\\/blog\\\/estetica-de-pasarela-lleva-la-moda-de-milan-a-tus-shows\\\/#primaryimage\"},\"thumbnailUrl\":\"https:\\\/\\\/es.amateur.tv\\\/blog\\\/wp-content\\\/uploads\\\/2026\\\/02\\\/amateurtv_milan_es-scaled.webp\",\"datePublished\":\"2026-02-18T12:50:12+00:00\",\"dateModified\":\"2026-02-18T12:50:13+00:00\",\"description\":\"Domina la est\u00e9tica de pasarela. Usa las tendencias de Mil\u00e1n 2026 para atraer fans de lujo y aumentar tus propinas este fin de semana.\",\"breadcrumb\":{\"@id\":\"https:\\\/\\\/es.amateur.tv\\\/blog\\\/estetica-de-pasarela-lleva-la-moda-de-milan-a-tus-shows\\\/#breadcrumb\"},\"inLanguage\":\"es\",\"potentialAction\":[{\"@type\":\"ReadAction\",\"target\":[\"https:\\\/\\\/es.amateur.tv\\\/blog\\\/estetica-de-pasarela-lleva-la-moda-de-milan-a-tus-shows\\\/\"]}]},{\"@type\":\"ImageObject\",\"inLanguage\":\"es\",\"@id\":\"https:\\\/\\\/es.amateur.tv\\\/blog\\\/estetica-de-pasarela-lleva-la-moda-de-milan-a-tus-shows\\\/#primaryimage\",\"url\":\"https:\\\/\\\/es.amateur.tv\\\/blog\\\/wp-content\\\/uploads\\\/2026\\\/02\\\/amateurtv_milan_es-scaled.webp\",\"contentUrl\":\"https:\\\/\\\/es.amateur.tv\\\/blog\\\/wp-content\\\/uploads\\\/2026\\\/02\\\/amateurtv_milan_es-scaled.webp\",\"width\":2560,\"height\":1440,\"caption\":\"Est\u00e9tica de pasarela\"},{\"@type\":\"BreadcrumbList\",\"@id\":\"https:\\\/\\\/es.amateur.tv\\\/blog\\\/estetica-de-pasarela-lleva-la-moda-de-milan-a-tus-shows\\\/#breadcrumb\",\"itemListElement\":[{\"@type\":\"ListItem\",\"position\":1,\"name\":\"Portada\",\"item\":\"https:\\\/\\\/es.amateur.tv\\\/blog\\\/\"},{\"@type\":\"ListItem\",\"position\":2,\"name\":\"Est\u00e9tica de pasarela: Lleva la Moda de Mil\u00e1n a tus Shows &#x1f460;&#x2728;\"}]},{\"@type\":\"WebSite\",\"@id\":\"https:\\\/\\\/es.amateur.tv\\\/blog\\\/#website\",\"url\":\"https:\\\/\\\/es.amateur.tv\\\/blog\\\/\",\"name\":\"Blog de Amateur.tv\",\"description\":\"Blog de la comunidad de cams Amateur.tv\",\"publisher\":{\"@id\":\"https:\\\/\\\/es.amateur.tv\\\/blog\\\/#organization\"},\"potentialAction\":[{\"@type\":\"SearchAction\",\"target\":{\"@type\":\"EntryPoint\",\"urlTemplate\":\"https:\\\/\\\/es.amateur.tv\\\/blog\\\/?s={search_term_string}\"},\"query-input\":{\"@type\":\"PropertyValueSpecification\",\"valueRequired\":true,\"valueName\":\"search_term_string\"}}],\"inLanguage\":\"es\"},{\"@type\":\"Organization\",\"@id\":\"https:\\\/\\\/es.amateur.tv\\\/blog\\\/#organization\",\"name\":\"Amateur.tv\",\"url\":\"https:\\\/\\\/es.amateur.tv\\\/blog\\\/\",\"logo\":{\"@type\":\"ImageObject\",\"inLanguage\":\"es\",\"@id\":\"https:\\\/\\\/es.amateur.tv\\\/blog\\\/#\\\/schema\\\/logo\\\/image\\\/\",\"url\":\"https:\\\/\\\/es.amateur.tv\\\/blog\\\/wp-content\\\/uploads\\\/2018\\\/02\\\/logoBlog-1.png\",\"contentUrl\":\"https:\\\/\\\/es.amateur.tv\\\/blog\\\/wp-content\\\/uploads\\\/2018\\\/02\\\/logoBlog-1.png\",\"width\":366,\"height\":366,\"caption\":\"Amateur.tv\"},\"image\":{\"@id\":\"https:\\\/\\\/es.amateur.tv\\\/blog\\\/#\\\/schema\\\/logo\\\/image\\\/\"}},{\"@type\":\"Person\",\"@id\":\"https:\\\/\\\/es.amateur.tv\\\/blog\\\/#\\\/schema\\\/person\\\/059bd793cd402a23ab4b71dcfc5432fc\",\"name\":\"amateur.tv\",\"image\":{\"@type\":\"ImageObject\",\"inLanguage\":\"es\",\"@id\":\"data:image\\\/svg+xml;base64,PD94bWwgdmVyc2lvbj0iMS4wIiBlbmNvZGluZz0iVVRGLTgiPz4KPHN2ZyB2ZXJzaW9uPSIxLjEiIHhtbG5zPSJodHRwOi8vd3d3LnczLm9yZy8yMDAwL3N2ZyIgd2lkdGg9IjUwIiBoZWlnaHQ9IjUwIiB2aWV3Qm94PSIwIDAgNTAgNTAiPgoJPHJlY3Qgd2lkdGg9IjEwMCUiIGhlaWdodD0iMTAwJSIgZmlsbD0iMSIvPgoJPHRleHQKCQlmaWxsPSIjZmZmIgoJCWZvbnQtZmFtaWx5PSJzYW5zLXNlcmlmIgoJCWZvbnQtc2l6ZT0iMjYiCgkJZm9udC13ZWlnaHQ9IjUwMCIKCQlkb21pbmFudC1iYXNlbGluZT0ibWlkZGxlIgoJCXRleHQtYW5jaG9yPSJtaWRkbGUiCgkJeD0iNTAlIgoJCXk9IjU1JSIKCT4KCQlBCgk8L3RleHQ+Cjwvc3ZnPg==\",\"url\":\"data:image\\\/svg+xml;base64,PD94bWwgdmVyc2lvbj0iMS4wIiBlbmNvZGluZz0iVVRGLTgiPz4KPHN2ZyB2ZXJzaW9uPSIxLjEiIHhtbG5zPSJodHRwOi8vd3d3LnczLm9yZy8yMDAwL3N2ZyIgd2lkdGg9IjUwIiBoZWlnaHQ9IjUwIiB2aWV3Qm94PSIwIDAgNTAgNTAiPgoJPHJlY3Qgd2lkdGg9IjEwMCUiIGhlaWdodD0iMTAwJSIgZmlsbD0iMSIvPgoJPHRleHQKCQlmaWxsPSIjZmZmIgoJCWZvbnQtZmFtaWx5PSJzYW5zLXNlcmlmIgoJCWZvbnQtc2l6ZT0iMjYiCgkJZm9udC13ZWlnaHQ9IjUwMCIKCQlkb21pbmFudC1iYXNlbGluZT0ibWlkZGxlIgoJCXRleHQtYW5jaG9yPSJtaWRkbGUiCgkJeD0iNTAlIgoJCXk9IjU1JSIKCT4KCQlBCgk8L3RleHQ+Cjwvc3ZnPg==\",\"contentUrl\":\"data:image\\\/svg+xml;base64,PD94bWwgdmVyc2lvbj0iMS4wIiBlbmNvZGluZz0iVVRGLTgiPz4KPHN2ZyB2ZXJzaW9uPSIxLjEiIHhtbG5zPSJodHRwOi8vd3d3LnczLm9yZy8yMDAwL3N2ZyIgd2lkdGg9IjUwIiBoZWlnaHQ9IjUwIiB2aWV3Qm94PSIwIDAgNTAgNTAiPgoJPHJlY3Qgd2lkdGg9IjEwMCUiIGhlaWdodD0iMTAwJSIgZmlsbD0iMSIvPgoJPHRleHQKCQlmaWxsPSIjZmZmIgoJCWZvbnQtZmFtaWx5PSJzYW5zLXNlcmlmIgoJCWZvbnQtc2l6ZT0iMjYiCgkJZm9udC13ZWlnaHQ9IjUwMCIKCQlkb21pbmFudC1iYXNlbGluZT0ibWlkZGxlIgoJCXRleHQtYW5jaG9yPSJtaWRkbGUiCgkJeD0iNTAlIgoJCXk9IjU1JSIKCT4KCQlBCgk8L3RleHQ+Cjwvc3ZnPg==\",\"caption\":\"amateur.tv\"},\"url\":\"https:\\\/\\\/es.amateur.tv\\\/blog\\\/author\\\/carla\\\/\"}]}<\/script>\n<!-- \/ Yoast SEO plugin. -->","yoast_head_json":{"title":"Est\u00e9tica de pasarela: Lleva la Moda de Mil\u00e1n a tus Shows &#x1f460;&#x2728;","description":"Domina la est\u00e9tica de pasarela. Usa las tendencias de Mil\u00e1n 2026 para atraer fans de lujo y aumentar tus propinas este fin de semana.","robots":{"index":"index","follow":"follow","max-snippet":"max-snippet:-1","max-image-preview":"max-image-preview:large","max-video-preview":"max-video-preview:-1"},"canonical":"https:\/\/es.amateur.tv\/blog\/estetica-de-pasarela-lleva-la-moda-de-milan-a-tus-shows\/","og_locale":"es_ES","og_type":"article","og_title":"Est\u00e9tica de pasarela: Lleva la Moda de Mil\u00e1n a tus Shows &#x1f460;&#x2728;","og_description":"Domina la est\u00e9tica de pasarela. Usa las tendencias de Mil\u00e1n 2026 para atraer fans de lujo y aumentar tus propinas este fin de semana.","og_url":"https:\/\/es.amateur.tv\/blog\/estetica-de-pasarela-lleva-la-moda-de-milan-a-tus-shows\/","og_site_name":"Blog de Amateur.tv","article_published_time":"2026-02-18T12:50:12+00:00","article_modified_time":"2026-02-18T12:50:13+00:00","og_image":[{"width":2560,"height":1440,"url":"https:\/\/es.amateur.tv\/blog\/wp-content\/uploads\/2026\/02\/amateurtv_milan_es-scaled.webp","type":"image\/webp"}],"author":"amateur.tv","twitter_card":"summary_large_image","schema":{"@context":"https:\/\/schema.org","@graph":[{"@type":"Article","@id":"https:\/\/es.amateur.tv\/blog\/estetica-de-pasarela-lleva-la-moda-de-milan-a-tus-shows\/#article","isPartOf":{"@id":"https:\/\/es.amateur.tv\/blog\/estetica-de-pasarela-lleva-la-moda-de-milan-a-tus-shows\/"},"author":{"name":"amateur.tv","@id":"https:\/\/es.amateur.tv\/blog\/#\/schema\/person\/059bd793cd402a23ab4b71dcfc5432fc"},"headline":"Est\u00e9tica de pasarela: Lleva la Moda de Mil\u00e1n a tus Shows &#x1f460;&#x2728;","datePublished":"2026-02-18T12:50:12+00:00","dateModified":"2026-02-18T12:50:13+00:00","mainEntityOfPage":{"@id":"https:\/\/es.amateur.tv\/blog\/estetica-de-pasarela-lleva-la-moda-de-milan-a-tus-shows\/"},"wordCount":505,"publisher":{"@id":"https:\/\/es.amateur.tv\/blog\/#organization"},"image":{"@id":"https:\/\/es.amateur.tv\/blog\/estetica-de-pasarela-lleva-la-moda-de-milan-a-tus-shows\/#primaryimage"},"thumbnailUrl":"https:\/\/es.amateur.tv\/blog\/wp-content\/uploads\/2026\/02\/amateurtv_milan_es-scaled.webp","keywords":["aumentar propinas","contenido editorial","est\u00e9tica de pasarela","marketing de lujo","Milan Fashion Week 2026","moda para webcammers","Tendencias 2026"],"articleSection":["General","Noticias"],"inLanguage":"es"},{"@type":"WebPage","@id":"https:\/\/es.amateur.tv\/blog\/estetica-de-pasarela-lleva-la-moda-de-milan-a-tus-shows\/","url":"https:\/\/es.amateur.tv\/blog\/estetica-de-pasarela-lleva-la-moda-de-milan-a-tus-shows\/","name":"Est\u00e9tica de pasarela: Lleva la Moda de Mil\u00e1n a tus Shows &#x1f460;&#x2728;","isPartOf":{"@id":"https:\/\/es.amateur.tv\/blog\/#website"},"primaryImageOfPage":{"@id":"https:\/\/es.amateur.tv\/blog\/estetica-de-pasarela-lleva-la-moda-de-milan-a-tus-shows\/#primaryimage"},"image":{"@id":"https:\/\/es.amateur.tv\/blog\/estetica-de-pasarela-lleva-la-moda-de-milan-a-tus-shows\/#primaryimage"},"thumbnailUrl":"https:\/\/es.amateur.tv\/blog\/wp-content\/uploads\/2026\/02\/amateurtv_milan_es-scaled.webp","datePublished":"2026-02-18T12:50:12+00:00","dateModified":"2026-02-18T12:50:13+00:00","description":"Domina la est\u00e9tica de pasarela. Usa las tendencias de Mil\u00e1n 2026 para atraer fans de lujo y aumentar tus propinas este fin de semana.","breadcrumb":{"@id":"https:\/\/es.amateur.tv\/blog\/estetica-de-pasarela-lleva-la-moda-de-milan-a-tus-shows\/#breadcrumb"},"inLanguage":"es","potentialAction":[{"@type":"ReadAction","target":["https:\/\/es.amateur.tv\/blog\/estetica-de-pasarela-lleva-la-moda-de-milan-a-tus-shows\/"]}]},{"@type":"ImageObject","inLanguage":"es","@id":"https:\/\/es.amateur.tv\/blog\/estetica-de-pasarela-lleva-la-moda-de-milan-a-tus-shows\/#primaryimage","url":"https:\/\/es.amateur.tv\/blog\/wp-content\/uploads\/2026\/02\/amateurtv_milan_es-scaled.webp","contentUrl":"https:\/\/es.amateur.tv\/blog\/wp-content\/uploads\/2026\/02\/amateurtv_milan_es-scaled.webp","width":2560,"height":1440,"caption":"Est\u00e9tica de pasarela"},{"@type":"BreadcrumbList","@id":"https:\/\/es.amateur.tv\/blog\/estetica-de-pasarela-lleva-la-moda-de-milan-a-tus-shows\/#breadcrumb","itemListElement":[{"@type":"ListItem","position":1,"name":"Portada","item":"https:\/\/es.amateur.tv\/blog\/"},{"@type":"ListItem","position":2,"name":"Est\u00e9tica de pasarela: Lleva la Moda de Mil\u00e1n a tus Shows &#x1f460;&#x2728;"}]},{"@type":"WebSite","@id":"https:\/\/es.amateur.tv\/blog\/#website","url":"https:\/\/es.amateur.tv\/blog\/","name":"Blog de Amateur.tv","description":"Blog de la comunidad de cams Amateur.tv","publisher":{"@id":"https:\/\/es.amateur.tv\/blog\/#organization"},"potentialAction":[{"@type":"SearchAction","target":{"@type":"EntryPoint","urlTemplate":"https:\/\/es.amateur.tv\/blog\/?s={search_term_string}"},"query-input":{"@type":"PropertyValueSpecification","valueRequired":true,"valueName":"search_term_string"}}],"inLanguage":"es"},{"@type":"Organization","@id":"https:\/\/es.amateur.tv\/blog\/#organization","name":"Amateur.tv","url":"https:\/\/es.amateur.tv\/blog\/","logo":{"@type":"ImageObject","inLanguage":"es","@id":"https:\/\/es.amateur.tv\/blog\/#\/schema\/logo\/image\/","url":"https:\/\/es.amateur.tv\/blog\/wp-content\/uploads\/2018\/02\/logoBlog-1.png","contentUrl":"https:\/\/es.amateur.tv\/blog\/wp-content\/uploads\/2018\/02\/logoBlog-1.png","width":366,"height":366,"caption":"Amateur.tv"},"image":{"@id":"https:\/\/es.amateur.tv\/blog\/#\/schema\/logo\/image\/"}},{"@type":"Person","@id":"https:\/\/es.amateur.tv\/blog\/#\/schema\/person\/059bd793cd402a23ab4b71dcfc5432fc","name":"amateur.tv","image":{"@type":"ImageObject","inLanguage":"es","@id":"data:image\/svg+xml;base64,PD94bWwgdmVyc2lvbj0iMS4wIiBlbmNvZGluZz0iVVRGLTgiPz4KPHN2ZyB2ZXJzaW9uPSIxLjEiIHhtbG5zPSJodHRwOi8vd3d3LnczLm9yZy8yMDAwL3N2ZyIgd2lkdGg9IjUwIiBoZWlnaHQ9IjUwIiB2aWV3Qm94PSIwIDAgNTAgNTAiPgoJPHJlY3Qgd2lkdGg9IjEwMCUiIGhlaWdodD0iMTAwJSIgZmlsbD0iMSIvPgoJPHRleHQKCQlmaWxsPSIjZmZmIgoJCWZvbnQtZmFtaWx5PSJzYW5zLXNlcmlmIgoJCWZvbnQtc2l6ZT0iMjYiCgkJZm9udC13ZWlnaHQ9IjUwMCIKCQlkb21pbmFudC1iYXNlbGluZT0ibWlkZGxlIgoJCXRleHQtYW5jaG9yPSJtaWRkbGUiCgkJeD0iNTAlIgoJCXk9IjU1JSIKCT4KCQlBCgk8L3RleHQ+Cjwvc3ZnPg==","url":"data:image\/svg+xml;base64,PD94bWwgdmVyc2lvbj0iMS4wIiBlbmNvZGluZz0iVVRGLTgiPz4KPHN2ZyB2ZXJzaW9uPSIxLjEiIHhtbG5zPSJodHRwOi8vd3d3LnczLm9yZy8yMDAwL3N2ZyIgd2lkdGg9IjUwIiBoZWlnaHQ9IjUwIiB2aWV3Qm94PSIwIDAgNTAgNTAiPgoJPHJlY3Qgd2lkdGg9IjEwMCUiIGhlaWdodD0iMTAwJSIgZmlsbD0iMSIvPgoJPHRleHQKCQlmaWxsPSIjZmZmIgoJCWZvbnQtZmFtaWx5PSJzYW5zLXNlcmlmIgoJCWZvbnQtc2l6ZT0iMjYiCgkJZm9udC13ZWlnaHQ9IjUwMCIKCQlkb21pbmFudC1iYXNlbGluZT0ibWlkZGxlIgoJCXRleHQtYW5jaG9yPSJtaWRkbGUiCgkJeD0iNTAlIgoJCXk9IjU1JSIKCT4KCQlBCgk8L3RleHQ+Cjwvc3ZnPg==","contentUrl":"data:image\/svg+xml;base64,PD94bWwgdmVyc2lvbj0iMS4wIiBlbmNvZGluZz0iVVRGLTgiPz4KPHN2ZyB2ZXJzaW9uPSIxLjEiIHhtbG5zPSJodHRwOi8vd3d3LnczLm9yZy8yMDAwL3N2ZyIgd2lkdGg9IjUwIiBoZWlnaHQ9IjUwIiB2aWV3Qm94PSIwIDAgNTAgNTAiPgoJPHJlY3Qgd2lkdGg9IjEwMCUiIGhlaWdodD0iMTAwJSIgZmlsbD0iMSIvPgoJPHRleHQKCQlmaWxsPSIjZmZmIgoJCWZvbnQtZmFtaWx5PSJzYW5zLXNlcmlmIgoJCWZvbnQtc2l6ZT0iMjYiCgkJZm9udC13ZWlnaHQ9IjUwMCIKCQlkb21pbmFudC1iYXNlbGluZT0ibWlkZGxlIgoJCXRleHQtYW5jaG9yPSJtaWRkbGUiCgkJeD0iNTAlIgoJCXk9IjU1JSIKCT4KCQlBCgk8L3RleHQ+Cjwvc3ZnPg==","caption":"amateur.tv"},"url":"https:\/\/es.amateur.tv\/blog\/author\/carla\/"}]}},"_links":{"self":[{"href":"https:\/\/es.amateur.tv\/blog\/wp-json\/wp\/v2\/posts\/25565","targetHints":{"allow":["GET"]}}],"collection":[{"href":"https:\/\/es.amateur.tv\/blog\/wp-json\/wp\/v2\/posts"}],"about":[{"href":"https:\/\/es.amateur.tv\/blog\/wp-json\/wp\/v2\/types\/post"}],"author":[{"embeddable":true,"href":"https:\/\/es.amateur.tv\/blog\/wp-json\/wp\/v2\/users\/12"}],"replies":[{"embeddable":true,"href":"https:\/\/es.amateur.tv\/blog\/wp-json\/wp\/v2\/comments?post=25565"}],"version-history":[{"count":5,"href":"https:\/\/es.amateur.tv\/blog\/wp-json\/wp\/v2\/posts\/25565\/revisions"}],"predecessor-version":[{"id":25574,"href":"https:\/\/es.amateur.tv\/blog\/wp-json\/wp\/v2\/posts\/25565\/revisions\/25574"}],"wp:featuredmedia":[{"embeddable":true,"href":"https:\/\/es.amateur.tv\/blog\/wp-json\/wp\/v2\/media\/25573"}],"wp:attachment":[{"href":"https:\/\/es.amateur.tv\/blog\/wp-json\/wp\/v2\/media?parent=25565"}],"wp:term":[{"taxonomy":"category","embeddable":true,"href":"https:\/\/es.amateur.tv\/blog\/wp-json\/wp\/v2\/categories?post=25565"},{"taxonomy":"post_tag","embeddable":true,"href":"https:\/\/es.amateur.tv\/blog\/wp-json\/wp\/v2\/tags?post=25565"}],"curies":[{"name":"wp","href":"https:\/\/api.w.org\/{rel}","templated":true}]}}